{"id":945,"date":"2023-10-19T22:15:32","date_gmt":"2023-10-20T01:15:32","guid":{"rendered":"https:\/\/quemliga.pt\/?p=945"},"modified":"2023-10-23T22:15:47","modified_gmt":"2023-10-24T01:15:47","slug":"descubra-antepass-pelo-sobrenome","status":"publish","type":"post","link":"https:\/\/quemliga.pt\/sv\/descubra-antepass-pelo-sobrenome\/","title":{"rendered":"Uppt\u00e4ck dina f\u00f6rf\u00e4der med efternamn"},"content":{"rendered":"<p>I den digitala tids\u00e5lder vi lever i v\u00e4xer intresset f\u00f6r v\u00e5rt ursprung och v\u00e5ra f\u00f6rf\u00e4der alltmer. S\u00f6kandet efter att uppt\u00e4cka v\u00e5ra f\u00f6rf\u00e4der genom deras efternamn har blivit en riktig resa.<\/p>\n<p>Med dagens teknik kan vi f\u00f6rdjupa oss i historierna bakom v\u00e5ra efternamn. Appen \u201dSurnamnens ursprung\u201d \u00e4r en riktig skattkammare f\u00f6r denna utforskning.<\/p>\n<p>I den h\u00e4r artikeln kommer vi att presentera den h\u00e4r applikationen, visa dig hur du installerar den och hur den kan belysa v\u00e5ra familjers historia.<\/p>\n<p><strong>Huvudpunkterna i ans\u00f6kan om &quot;Efternamnens ursprung&quot;<\/strong>:<\/p>\n<ul>\n<li><strong>Omfattande databas<\/strong>Sammanf\u00f6r en m\u00e4ngd efternamn fr\u00e5n olika delar av v\u00e4rlden. En v\u00e4rdefull resurs f\u00f6r dem som vill veta historien om ett specifikt efternamn.<\/li>\n<li><strong>Ursprung och betydelse<\/strong>Ange ett efternamn s\u00e5 ger appen information om dess m\u00f6jliga ursprung, betydelse och kopplingar till forntida kulturer.<\/li>\n<li><strong>Historia och distribution<\/strong>Ger inblick i utvecklingen och spridningen av ett efternamn \u00f6ver tid. Perfekt f\u00f6r de som \u00e4r nyfikna p\u00e5 hur deras familj spreds \u00f6ver v\u00e4rlden.<\/li>\n<\/ul>\n<p><strong>Hur man installerar &quot;Efternamnens ursprung&quot;<\/strong>:<\/p>\n<ol>\n<li>G\u00e5 till din appbutik (Google Play Store eller App Store, beroende p\u00e5 din enhet).<\/li>\n<li>S\u00f6k efter &quot;Efternamnens ursprung&quot;.<\/li>\n<li>V\u00e4lj den officiella appen och installera den.<\/li>\n<li>Efter installationen, \u00f6ppna den och f\u00f6lj instruktionerna f\u00f6r att dra nytta av dess funktioner.<\/li>\n<\/ol>\n<p><strong>Slutsats<\/strong>Appen \u201dSurnamnens ursprung\u201d \u00e4r en fascinerande inblick i v\u00e5rt f\u00f6rflutna genom efternamn. Den erbjuder detaljerade insikter i varje namns ursprung, betydelse och utveckling, vilket f\u00f6r oss n\u00e4rmare v\u00e5ra f\u00f6rf\u00e4der.<\/p>\n<p>Genom att anv\u00e4nda den h\u00e4r appen tar vi ett steg mot att \u00e5teruppt\u00e4cka de ber\u00e4ttelser som har format v\u00e5ra familjer \u00f6ver tid.<\/p>\n<p>I en v\u00e4rld d\u00e4r teknologin f\u00f6rbinder oss med det f\u00f6rflutna \u00e4r \u201dEfternamnens ursprung\u201d en ov\u00e4rderlig allierad i v\u00e5rt s\u00f6kande efter f\u00f6rst\u00e5else och koppling till v\u00e5ra r\u00f6tter.<\/p>","protected":false},"excerpt":{"rendered":"<p>I den digitala tids\u00e5ldern vi lever i v\u00e4xer intresset f\u00f6r v\u00e5rt ursprung och v\u00e5ra f\u00f6rf\u00e4der alltmer. S\u00f6kandet efter att uppt\u00e4cka v\u00e5ra f\u00f6rf\u00e4der genom\u2026<\/p>","protected":false},"author":1,"featured_media":946,"comment_status":"closed","ping_status":"open","sticky":false,"template":"","format":"standard","meta":{"footnotes":""},"categories":[18],"tags":[],"class_list":["post-945","post","type-post","status-publish","format-standard","has-post-thumbnail","hentry","category-aplicativos"],"_links":{"self":[{"href":"https:\/\/quemliga.pt\/sv\/wp-json\/wp\/v2\/posts\/945","targetHints":{"allow":["GET"]}}],"collection":[{"href":"https:\/\/quemliga.pt\/sv\/wp-json\/wp\/v2\/posts"}],"about":[{"href":"https:\/\/quemliga.pt\/sv\/wp-json\/wp\/v2\/types\/post"}],"author":[{"embeddable":true,"href":"https:\/\/quemliga.pt\/sv\/wp-json\/wp\/v2\/users\/1"}],"replies":[{"embeddable":true,"href":"https:\/\/quemliga.pt\/sv\/wp-json\/wp\/v2\/comments?post=945"}],"version-history":[{"count":1,"href":"https:\/\/quemliga.pt\/sv\/wp-json\/wp\/v2\/posts\/945\/revisions"}],"predecessor-version":[{"id":947,"href":"https:\/\/quemliga.pt\/sv\/wp-json\/wp\/v2\/posts\/945\/revisions\/947"}],"wp:featuredmedia":[{"embeddable":true,"href":"https:\/\/quemliga.pt\/sv\/wp-json\/wp\/v2\/media\/946"}],"wp:attachment":[{"href":"https:\/\/quemliga.pt\/sv\/wp-json\/wp\/v2\/media?parent=945"}],"wp:term":[{"taxonomy":"category","embeddable":true,"href":"https:\/\/quemliga.pt\/sv\/wp-json\/wp\/v2\/categories?post=945"},{"taxonomy":"post_tag","embeddable":true,"href":"https:\/\/quemliga.pt\/sv\/wp-json\/wp\/v2\/tags?post=945"}],"curies":[{"name":"wp","href":"https:\/\/api.w.org\/{rel}","templated":true}]}}